{"id":82441,"date":"2026-09-02T18:22:41","date_gmt":"2026-09-02T15:22:41","guid":{"rendered":"https:\/\/kad-esh.org\/?p=82441"},"modified":"2026-09-02T19:19:33","modified_gmt":"2026-09-02T16:19:33","slug":"la-sainte-estime-de-soi","status":"publish","type":"post","link":"https:\/\/kad-esh.org\/fr\/la-sainte-estime-de-soi\/","title":{"rendered":"La sainte estime de soi"},"content":{"rendered":"<p><img loading=\"lazy\" decoding=\"async\" class=\"alignnone size-full wp-image-82386\" src=\"https:\/\/kad-esh.org\/wp-content\/uploads\/2026\/09\/holy-self-esteem-1.jpg\" alt=\"Holy Self-Esteem\" width=\"1536\" height=\"1024\" srcset=\"https:\/\/kad-esh.org\/wp-content\/uploads\/2026\/09\/holy-self-esteem-1.jpg 1536w, https:\/\/kad-esh.org\/wp-content\/uploads\/2026\/09\/holy-self-esteem-1-770x513.jpg 770w, https:\/\/kad-esh.org\/wp-content\/uploads\/2026\/09\/holy-self-esteem-1-1200x800.jpg 1200w, https:\/\/kad-esh.org\/wp-content\/uploads\/2026\/09\/holy-self-esteem-1-768x512.jpg 768w, https:\/\/kad-esh.org\/wp-content\/uploads\/2026\/09\/holy-self-esteem-1-500x333.jpg 500w, https:\/\/kad-esh.org\/wp-content\/uploads\/2026\/09\/holy-self-esteem-1-600x400.jpg 600w\" sizes=\"auto, (max-width: 1536px) 100vw, 1536px\" \/><br \/>\n<span class=\"torah-portion\">Torah NITZAVIM \u2013 VAYEILECH \u2013 Devarim (Deut\u00e9ronome) 29:9-31:30 Haftarah: Esaie 61:10-63:9<\/span><\/p>\n<blockquote><p><em>\u00ab Je te loue, car je suis une cr\u00e9ature extraordinaire et merveilleuse ! Tes \u0153uvres sont merveilleuses, et mon \u00e2me le sait tr\u00e8s bien. \u00bb <\/em>Psaumes 139:14 TLV<\/p><\/blockquote>\n<h4 style=\"margin-top: 0;\"><strong>Shabbat shalom, mes bien-aim\u00e9s. <\/strong><\/h4>\n<p>Avez-vous d\u00e9j\u00e0 entendu ce genre de propos :<\/p>\n<p><em>\u00ab Si tu crois en toi, tu peux accomplir tout ce que tu d\u00e9sires. Tu peux devenir tout ce que tu veux.<\/em> \u00bb M\u00eame si cela semble beau et encourageant, ma question est la suivante : est-ce vrai ?<\/p>\n<p>La Bible \u00e9voque souvent ce que l\u2019on pourrait appeler une estime de soi ou une identit\u00e9 saine : se percevoir \u00e0 la lumi\u00e8re de la v\u00e9rit\u00e9 d\u2019Adona\u00ef plut\u00f4t qu\u2019\u00e0 travers le rejet, l\u2019orgueil, la honte ou la comparaison.<\/p>\n<p>Tout commence par les fondamentaux : qui nous a cr\u00e9\u00e9s ? Sommes-nous le fruit de l\u2019imagination de nos parents ? Sommes-nous un accident de la nature ? Nous devons d\u2019abord r\u00e9pondre \u00e0 ces questions si nous voulons reconstruire une estime de soi saine.<\/p>\n<p>\u00ab <em>Car c\u2019est toi qui as form\u00e9 ma conscience. Tu m\u2019as tiss\u00e9 dans le sein de ma m\u00e8re.<\/em> \u00bb Psaume 139:13 TLV<\/p>\n<p>Il va sans dire que ce m\u00eame Dieu qui a cr\u00e9\u00e9 le ciel et la terre, les montagnes et les mers, les fleurs et les arbres, ainsi que les papillons et les abeilles, nous a \u00e9galement cr\u00e9\u00e9s, vous et moi. Les \u00c9critures nous qualifient de \u00ab cr\u00e9ation merveilleuse \u00bb.<\/p>\n<p><img loading=\"lazy\" decoding=\"async\" class=\"alignnone size-full wp-image-82387\" src=\"https:\/\/kad-esh.org\/wp-content\/uploads\/2026\/09\/holy-self-esteem-2.jpg\" alt=\"Holy Self-Esteem\" width=\"1536\" height=\"1024\" srcset=\"https:\/\/kad-esh.org\/wp-content\/uploads\/2026\/09\/holy-self-esteem-2.jpg 1536w, https:\/\/kad-esh.org\/wp-content\/uploads\/2026\/09\/holy-self-esteem-2-770x513.jpg 770w, https:\/\/kad-esh.org\/wp-content\/uploads\/2026\/09\/holy-self-esteem-2-1200x800.jpg 1200w, https:\/\/kad-esh.org\/wp-content\/uploads\/2026\/09\/holy-self-esteem-2-768x512.jpg 768w, https:\/\/kad-esh.org\/wp-content\/uploads\/2026\/09\/holy-self-esteem-2-500x333.jpg 500w, https:\/\/kad-esh.org\/wp-content\/uploads\/2026\/09\/holy-self-esteem-2-600x400.jpg 600w\" sizes=\"auto, (max-width: 1536px) 100vw, 1536px\" \/><\/p>\n<p><em>\u00ab Je te loue, car je suis une cr\u00e9ature extraordinaire et merveilleuse ! Tes \u0153uvres sont merveilleuses, et mon \u00e2me le sait tr\u00e8s bien. \u00bb <\/em>Psaume 139:14 TLV<\/p>\n<p>Mais savons-nous que nous sommes une cr\u00e9ation extraordinaire du Tr\u00e8s-Haut ? Notre \u00e2me le sait-elle ?<\/p>\n<p><em>Alors Dieu dit : \u00ab Faisons l\u2019homme \u00e0 notre image, selon notre ressemblance ! Qu\u2019il domine sur les poissons de la mer, sur les oiseaux du ciel, sur le b\u00e9tail, sur toute la terre et sur tous les reptiles qui rampent sur la terre. \u00bb <\/em>Gen\u00e8se 1:26 TLV<\/p>\n<p>Lorsque nous nous regardons dans le miroir, prenons-nous conscience que nous contemplons l\u2019image et la ressemblance de notre Cr\u00e9ateur ? Savons-nous vraiment que nous portons Son visage, Ses mains, Sa voix, Son c\u0153ur ? Comprenons-nous que tout en nous est con\u00e7u pour Lui ressembler et pour \u00eatre comme Lui ? Et pour confirmer ce fait stup\u00e9fiant, Il a dit : \u00ab Qu\u2019ils r\u00e8gnent ! \u00bb Nous sommes cr\u00e9\u00e9s pour \u00eatre des dirigeants dans ce monde terrestre \u2014 non pas des paillassons, ni des victimes des circonstances, mais des dirigeants ! Et cela vaut aussi bien pour les hommes que pour les femmes !<\/p>\n<p>\u00ab <em>Dieu cr\u00e9a l\u2019humanit\u00e9 \u00e0 son image ; \u00e0 l\u2019image de Dieu, il la cr\u00e9a ; homme et femme, il les cr\u00e9a.<\/em> \u00bb Gen\u00e8se 1:27 TLV<\/p>\n<p>Il a cr\u00e9\u00e9 l\u2019homme et la femme pour qu\u2019ils Lui ressemblent en tout : en autorit\u00e9, en compassion, en cr\u00e9ativit\u00e9, en g\u00e9n\u00e9rosit\u00e9, en saintet\u00e9, en justice, et bien plus encore. \u00c7a fait beaucoup \u00e0 dire !<\/p>\n<p><em>Dieu les b\u00e9nit et leur dit : \u00ab Soyez f\u00e9conds, multipliez-vous, remplissez la terre et soumettez-la. Dominez sur les poissons de la mer, sur les oiseaux du ciel et sur tous les animaux qui rampent sur la terre. \u00bb <\/em>Gen\u00e8se 1:28 TLV<\/p>\n<p>D\u2019o\u00f9 viennent donc la faible estime de soi et le manque de confiance en soi, ou leurs contraires, tels que la pr\u00e9somption et l\u2019orgueil ?<\/p>\n<p><em>Alors Adona\u00ef \u00c9lohim appela l\u2019homme et lui dit : \u00ab O\u00f9 es-tu ? \u00bb Il r\u00e9pondit : \u00ab J\u2019ai entendu ta voix dans le jardin, et j\u2019ai eu peur. Comme je suis nu, je me suis cach\u00e9. \u00bb Alors Dieu dit : \u00ab Qui t\u2019a dit que tu \u00e9tais nu ? As-tu mang\u00e9 de l\u2019arbre dont je t\u2019avais interdit de manger ? \u00bb <\/em>Gen\u00e8se 3:9-11 TLV<\/p>\n<p><img loading=\"lazy\" decoding=\"async\" class=\"alignnone size-full wp-image-82388\" src=\"https:\/\/kad-esh.org\/wp-content\/uploads\/2026\/09\/holy-self-esteem-3.jpg\" alt=\"Holy Self-Esteem\" width=\"1672\" height=\"941\" srcset=\"https:\/\/kad-esh.org\/wp-content\/uploads\/2026\/09\/holy-self-esteem-3.jpg 1672w, https:\/\/kad-esh.org\/wp-content\/uploads\/2026\/09\/holy-self-esteem-3-770x433.jpg 770w, https:\/\/kad-esh.org\/wp-content\/uploads\/2026\/09\/holy-self-esteem-3-1200x675.jpg 1200w, https:\/\/kad-esh.org\/wp-content\/uploads\/2026\/09\/holy-self-esteem-3-768x432.jpg 768w, https:\/\/kad-esh.org\/wp-content\/uploads\/2026\/09\/holy-self-esteem-3-500x281.jpg 500w, https:\/\/kad-esh.org\/wp-content\/uploads\/2026\/09\/holy-self-esteem-3-600x338.jpg 600w\" sizes=\"auto, (max-width: 1672px) 100vw, 1672px\" \/><\/p>\n<p>Lorsque Adam, la femme et l\u2019homme, ont enfreint le premier commandement qui leur avait \u00e9t\u00e9 donn\u00e9, ils ont perdu la capacit\u00e9 de se voir \u00e0 la lumi\u00e8re du Cr\u00e9ateur. Lorsqu\u2019ils ont mang\u00e9 du fruit de l\u2019Arbre de la connaissance du bien et du mal, leur perception d\u2019eux-m\u00eames s\u2019est alt\u00e9r\u00e9e. Leur compr\u00e9hension et leur vision ont \u00e9t\u00e9 empoisonn\u00e9es. Ils se voyaient d\u00e9sormais \u00e0 travers les yeux du serpent. Leur perception d\u2019eux-m\u00eames \u00e9tant alt\u00e9r\u00e9e, les \u00eatres humains se verront d\u00e9sormais d\u2019une mani\u00e8re d\u00e9form\u00e9e, parfois trop grands (orgueil) ou trop petits (complexe d\u2019inf\u00e9riorit\u00e9).<\/p>\n<p>Cette perception pervertie r\u00e9gnera d\u00e9sormais dans les relations entre hommes et femmes, entre parents et enfants. Elle conduira \u00e0 des relations abusives et infligera de nombreuses blessures \u00e0 l\u2019\u00e2me de l\u2019humanit\u00e9.<\/p>\n<p><em>\u00c0 la femme, Il dit : \u00ab Je multiplierai consid\u00e9rablement tes souffrances, de la conception jusqu\u2019\u00e0 l\u2019accouchement. C\u2019est dans la douleur que tu mettras au monde des enfants. Tu te tourneras vers ton mari, mais c\u2019est lui qui dominera sur toi. \u00bb <\/em>Gen\u00e8se 3:16 TLV<\/p>\n<p>Il n\u2019existe qu\u2019un seul rem\u00e8de \u00e0 cette alt\u00e9ration du jugement de soi : un pardon si grand qu\u2019il puisse recr\u00e9er en nous l\u2019image du Cr\u00e9ateur. C\u2019est exactement ce qu\u2019a fait Yeshua lorsqu\u2019il \u00e9tait suspendu \u00e0 cet arbre du Calvaire, payant le prix ultime pour notre p\u00e9ch\u00e9 et notre r\u00e9bellion. Ce fut le prix le plus \u00e9lev\u00e9 jamais pay\u00e9 par le sang pour la restauration de l\u2019\u00e2me humaine selon son plan originel, afin qu\u2019elle soit le portrait fid\u00e8le de notre Cr\u00e9ateur.<\/p>\n<p><em>\u00ab Lorsqu\u2019ils arriv\u00e8rent \u00e0 l\u2019endroit appel\u00e9 le Cr\u00e2ne, ils le crucifi\u00e8rent l\u00e0, ainsi que les malfaiteurs, l\u2019un \u00e0 sa droite et l\u2019autre \u00e0 sa gauche. Mais Yeshua disait : \u00ab P\u00e8re, pardonne-leur, car ils ne savent pas ce qu\u2019ils font. \u00bb Puis ils tir\u00e8rent au sort pour se partager ses v\u00eatements. \u00bb <\/em>Luc 23:33-34 TLV<\/p>\n<p>Lorsque notre Cr\u00e9ateur s\u2019est fait homme en la personne de Son Fils divin, n\u00e9 juif en Jud\u00e9e, Il a \u00e9t\u00e9 appel\u00e9 le \u00ab deuxi\u00e8me Adam \u00bb.<\/p>\n<p><em>\u00ab Le premier homme est issu de la terre, fait de poussi\u00e8re ; le deuxi\u00e8me homme vient du ciel.<\/em> \u00bb 1 Corinthiens 15:47 TLV<\/p>\n<p>Lorsque Yeshua devient notre Seigneur, nous naissons instantan\u00e9ment de nouveau, nous sommes pleinement pardonn\u00e9s, et le cheminement vers la restauration de nos \u00e2mes commence.<\/p>\n<p><em>\u00ab Si donc quelqu\u2019un est en Messie, il est une nouvelle cr\u00e9ature. Les choses anciennes sont pass\u00e9es ; voici, toutes choses sont devenues nouvelles.<\/em> \u00bb 2 Corinthiens 5:17 TLV<\/p>\n<p><img loading=\"lazy\" decoding=\"async\" class=\"alignnone size-full wp-image-82389\" src=\"https:\/\/kad-esh.org\/wp-content\/uploads\/2026\/09\/holy-self-esteem-4.jpg\" alt=\"Holy Self-Esteem\" width=\"1672\" height=\"941\" srcset=\"https:\/\/kad-esh.org\/wp-content\/uploads\/2026\/09\/holy-self-esteem-4.jpg 1672w, https:\/\/kad-esh.org\/wp-content\/uploads\/2026\/09\/holy-self-esteem-4-770x433.jpg 770w, https:\/\/kad-esh.org\/wp-content\/uploads\/2026\/09\/holy-self-esteem-4-1200x675.jpg 1200w, https:\/\/kad-esh.org\/wp-content\/uploads\/2026\/09\/holy-self-esteem-4-768x432.jpg 768w, https:\/\/kad-esh.org\/wp-content\/uploads\/2026\/09\/holy-self-esteem-4-500x281.jpg 500w, https:\/\/kad-esh.org\/wp-content\/uploads\/2026\/09\/holy-self-esteem-4-600x338.jpg 600w\" sizes=\"auto, (max-width: 1672px) 100vw, 1672px\" \/><\/p>\n<p>Les traces immondes du p\u00e9ch\u00e9 et de Satan sont effac\u00e9es. Les blessures inflig\u00e9es par le p\u00e9ch\u00e9 et Satan commencent \u00e0 gu\u00e9rir. De la m\u00eame mani\u00e8re, notre perception d\u00e9form\u00e9e de nous-m\u00eames commence \u00e0 se redresser et \u00e0 retrouver son sens originel.<\/p>\n<p>Notre valeur commence par la reconnaissance du fait qu\u2019Adona\u00ef nous a cr\u00e9\u00e9s intentionnellement.<\/p>\n<p>\u00c9ph\u00e9siens 2:10 \u2014 <em>Son \u0153uvre<\/em><\/p>\n<p><em>\u00ab Car nous sommes son \u0153uvre, cr\u00e9\u00e9s en Messie Yeshua pour de bonnes \u0153uvres, que Dieu a pr\u00e9par\u00e9es d\u2019avance afin que nous les pratiquions. \u00bb<\/em><\/p>\n<p>Tu n\u2019es pas le fruit du hasard. Tu es l\u2019\u0153uvre de Dieu, cr\u00e9\u00e9 dans un but pr\u00e9cis.<\/p>\n<p>1 Pierre 2:9 \u2014 <em>Choisis et appel\u00e9s<\/em><\/p>\n<p>\u00ab Mais vous, vous \u00eates un peuple choisi, un sacerdoce royal, une nation sainte, un peuple qui appartient \u00e0 Dieu\u2026 \u00bb<\/p>\n<p>L\u2019identit\u00e9 biblique d\u00e9coule de l\u2019appartenance \u00e0 Dieu.<\/p>\n<p>\u00c9sa\u00efe 43:4 \u2014<\/p>\n<p>\u00ab Car tu es pr\u00e9cieux \u00e0 mes yeux, tu as de la valeur, et je t\u2019aime\u2026 \u00bb<\/p>\n<p>Ces paroles sont particuli\u00e8rement puissantes pour quelqu\u2019un qui souffre de rejet ou d\u2019un sentiment d\u2019inutilit\u00e9 : \u00ab Tu es pr\u00e9cieux \u00e0 mes yeux. \u00bb<\/p>\n<p>Romains 8:1 \u2014 <em>La libert\u00e9 face \u00e0 la condamnation<\/em><\/p>\n<p>\u00ab Il n\u2019y a donc d\u00e9sormais plus de condamnation pour ceux qui sont dans le Messie Yeshua. \u00bb<\/p>\n<p>Une identit\u00e9 saine n\u00e9cessite de distinguer la conviction de la condamnation. La conviction nous conduit \u00e0 la repentance, tandis que la condamnation m\u00e8ne \u00e0 la d\u00e9faite.<\/p>\n<p>Romains 8:15\u201316 \u2014 <em>L\u2019identit\u00e9 d\u2019enfant de Dieu<\/em><\/p>\n<p>Paul enseigne que nous n\u2019avons pas re\u00e7u un esprit d\u2019esclavage qui nous ram\u00e8ne \u00e0 la crainte, mais l\u2019Esprit d\u2019adoption, par lequel nous crions : \u00ab Abba ! P\u00e8re ! \u00bb<\/p>\n<p>Philippiens 4:13 \u2014 <em> \u00ab Je peux tout par Messie qui me fortifie. \u00bb<\/em><\/p>\n<p>Psaume 27:10 \u2014 <em>Surmonter le rejet parental<\/em><\/p>\n<p>\u00ab M\u00eame si mon p\u00e8re et ma m\u00e8re m\u2019abandonnaient, Adona\u00ef m\u2019accueillerait. \u00bb<\/p>\n<p>Ces paroles peuvent rev\u00eatir une signification particuli\u00e8re lorsque l\u2019estime de soi a \u00e9t\u00e9 \u00e9branl\u00e9e par un rejet subi durant l\u2019enfance.<\/p>\n<p>Sophonie 3:17 \u2014 <em>Adona\u00ef se r\u00e9jouit de son peuple.<\/em><\/p>\n<p><em>\u00ab Adona\u00ef, ton Dieu, est au milieu de toi, un Sauveur puissant ! Il se r\u00e9jouira de toi avec joie. Il t\u2019apaisera par son amour. Il dansera de joie sur toi en chantant. \u00bb<\/em><\/p>\n<p><img loading=\"lazy\" decoding=\"async\" class=\"alignnone size-full wp-image-82390\" src=\"https:\/\/kad-esh.org\/wp-content\/uploads\/2026\/09\/holy-self-esteem-5.jpg\" alt=\"Holy Self-Esteem\" width=\"1537\" height=\"1023\" srcset=\"https:\/\/kad-esh.org\/wp-content\/uploads\/2026\/09\/holy-self-esteem-5.jpg 1537w, https:\/\/kad-esh.org\/wp-content\/uploads\/2026\/09\/holy-self-esteem-5-770x512.jpg 770w, https:\/\/kad-esh.org\/wp-content\/uploads\/2026\/09\/holy-self-esteem-5-1200x799.jpg 1200w, https:\/\/kad-esh.org\/wp-content\/uploads\/2026\/09\/holy-self-esteem-5-768x511.jpg 768w, https:\/\/kad-esh.org\/wp-content\/uploads\/2026\/09\/holy-self-esteem-5-500x333.jpg 500w, https:\/\/kad-esh.org\/wp-content\/uploads\/2026\/09\/holy-self-esteem-5-600x399.jpg 600w\" sizes=\"auto, (max-width: 1537px) 100vw, 1537px\" \/><\/p>\n<h4 style=\"margin-top: 0;\"><strong>Un fondement biblique pour l&#8217;estime de soi<\/strong><\/h4>\n<p>L&#8217;estime de soi biblique n&#8217;est pas cette attitude orgueilleuse qui consiste \u00e0 dire : \u00ab Je suis formidable gr\u00e2ce \u00e0 moi-m\u00eame. \u00bb Elle n&#8217;est pas non plus cette fausse humilit\u00e9 qui consiste \u00e0 dire : \u00ab Je ne vaux rien. \u00bb<\/p>\n<p>L&#8217;\u00e9quilibre biblique est le suivant :<\/p>\n<p>J\u2019ai une grande valeur parce qu\u2019Adona\u00ef m\u2019a cr\u00e9\u00e9, m\u2019aime, m\u2019a rachet\u00e9, m\u2019a choisi et m\u2019a donn\u00e9 un but. En m\u00eame temps, tout ce que je suis et tout ce que j\u2019accomplis d\u00e9pendent de Sa gr\u00e2ce. Sans Lui, je ne suis rien.<\/p>\n<p><em>\u00ab Je suis le cep, vous \u00eates les sarments. Celui qui demeure en moi et en qui je demeure porte beaucoup de fruit ; car sans moi, vous ne pouvez rien faire.<\/em> \u00bb Jean 15:5 TLV<\/p>\n<p>Avec Lui, je suis tout ce que je dois \u00eatre pour Sa gloire.<\/p>\n<p>\u00ab <em>Mais dans toutes ces choses, nous sommes plus que vainqueurs par Celui qui nous a aim\u00e9s<\/em>. \u00bb Romains 8:37<\/p>\n<p>Notre \u00e2me doit en prendre pleinement conscience. Alors, tout ce qu\u2019Il a pr\u00e9vu pour nous et ce qu\u2019Il nous a destin\u00e9s \u00e0 accomplir deviendra possible. Nous ne serons plus min\u00e9s par des sentiments d\u2019inf\u00e9riorit\u00e9 ou de sup\u00e9riorit\u00e9. Notre estime de soi sera restaur\u00e9e. Nous serons \u00e0 l\u2019aise avec nous-m\u00eames et cesserons d\u2019essayer d\u2019\u00eatre quelqu\u2019un d\u2019autre ou de rivaliser avec les autres. Nous accepterons le fait que notre Cr\u00e9ateur fait toutes choses bien, et cela inclut vous et moi. Il nous a dot\u00e9s de tout ce dont nous avons besoin pour r\u00e9ussir dans la mission pour laquelle nous sommes n\u00e9s, puis n\u00e9s de nouveau.<\/p>\n<p><em>\u00ab Je te loue, car je suis une cr\u00e9ature merveilleuse et extraordinaire ! Tes \u0153uvres sont merveilleuses, et mon \u00e2me le sait tr\u00e8s bien<\/em>. \u00bb Psaumes 139:14 TLV<\/p>\n<p>Vos amis et mentors isra\u00e9liens,<\/p>\n<p><strong>L\u2019archev\u00eaque Dominiquae et le rabbin Baruch Bierman<\/strong><\/p>\n<p><em>\u00ab Pour l\u2019amour de Sion, je ne me tairai pas<\/em> \u00bb \u00c9sa\u00efe 62:1<\/p>\n<p><img decoding=\"async\" class=\"alignnone size-full wp-image-82110\" src=\"https:\/\/kad-esh.org\/wp-content\/uploads\/2026\/08\/ab-rabbi-laterra-2026.jpg\" alt=\"Archbishop Dominiquae and Rabbi Baruch Bierman\" width=\"350\" height=\"auto\" srcset=\"https:\/\/kad-esh.org\/wp-content\/uploads\/2026\/08\/ab-rabbi-laterra-2026.jpg 800w, https:\/\/kad-esh.org\/wp-content\/uploads\/2026\/08\/ab-rabbi-laterra-2026-770x712.jpg 770w, https:\/\/kad-esh.org\/wp-content\/uploads\/2026\/08\/ab-rabbi-laterra-2026-768x710.jpg 768w, https:\/\/kad-esh.org\/wp-content\/uploads\/2026\/08\/ab-rabbi-laterra-2026-500x463.jpg 500w, https:\/\/kad-esh.org\/wp-content\/uploads\/2026\/08\/ab-rabbi-laterra-2026-600x555.jpg 600w\" sizes=\"(max-width: 800px) 100vw, 800px\" \/><\/p>\n<p><img decoding=\"async\" class=\"alignnone size-full wp-image-31994\" src=\"https:\/\/kad-esh.org\/wp-content\/uploads\/2017\/05\/From-Sickology-to-a-Healthy-Logic-E-Book-Cover.jpg\" alt=\"From Sickology to a Healthy Logic\" width=\"350\" height=\"auto\" srcset=\"https:\/\/kad-esh.org\/wp-content\/uploads\/2017\/05\/From-Sickology-to-a-Healthy-Logic-E-Book-Cover.jpg 770w, https:\/\/kad-esh.org\/wp-content\/uploads\/2017\/05\/From-Sickology-to-a-Healthy-Logic-E-Book-Cover-500x772.jpg 500w, https:\/\/kad-esh.org\/wp-content\/uploads\/2017\/05\/From-Sickology-to-a-Healthy-Logic-E-Book-Cover-600x926.jpg 600w, https:\/\/kad-esh.org\/wp-content\/uploads\/2017\/05\/From-Sickology-to-a-Healthy-Logic-E-Book-Cover-64x99.jpg 64w, https:\/\/kad-esh.org\/wp-content\/uploads\/2017\/05\/From-Sickology-to-a-Healthy-Logic-E-Book-Cover-194x300.jpg 194w, https:\/\/kad-esh.org\/wp-content\/uploads\/2017\/05\/From-Sickology-to-a-Healthy-Logic-E-Book-Cover-663x1024.jpg 663w, https:\/\/kad-esh.org\/wp-content\/uploads\/2017\/05\/From-Sickology-to-a-Healthy-Logic-E-Book-Cover-768x1186.jpg 768w, https:\/\/kad-esh.org\/wp-content\/uploads\/2017\/05\/From-Sickology-to-a-Healthy-Logic-E-Book-Cover-100x154.jpg 100w\" sizes=\"(max-width: 770px) 100vw, 770px\" \/><\/p>\n<h4 style=\"margin-top: 0;\"><strong>Commandez le livre \u00ab De la \u00ab sickologie \u00bb \u00e0 une logique saine \u00bb<\/strong> et partagez-le avec d\u2019autres<\/h4>\n<p><a href=\"https:\/\/www.zionsgospel.com\/shop\/from-sickology-to-a-healthy-logic\/\" target=\"_blank\" rel=\"noopener\">https:\/\/www.zionsgospel.com\/shop\/from-sickology-to-a-healthy-logic\/<\/a><\/p>\n<h4 style=\"margin-top: 0;\"><strong>\u00c0 voir : \u00ab Faith &amp; Soul Prosperity \u00bb<\/strong><\/h4>\n<div class=\"x-resp-embed x-is-video x-is-youtube\"><iframe loading=\"lazy\" title=\"Faith &amp; Soul Prosperity | Dr. Dominiquae Bierman\" width=\"742\" height=\"417\" src=\"https:\/\/www.youtube.com\/embed\/mE4E3Ag3ys4?feature=oembed\" frameborder=\"0\" allow=\"accelerometer; autoplay; clipboard-write; encrypted-media; gyroscope; picture-in-picture; web-share\" referrerpolicy=\"strict-origin-when-cross-origin\" allowfullscreen><\/iframe><\/div>\n<p><a class=\"button\" href=\"https:\/\/youtu.be\/mE4E3Ag3ys4\" target=\"_blank\" rel=\"noopener\"><strong>YouTube<\/strong><\/a> <a class=\"button\" href=\"https:\/\/rumble.com\/v7e4fmw-faith-and-soul-prosperity-dr.-dominiquae-bierman.html\" target=\"_blank\" rel=\"noopener\"><strong>Rumble<\/strong><\/a><\/p>\n<ul class=\"display-posts-listing\"><li class=\"listing-item\"><a class=\"title\" href=\"https:\/\/kad-esh.org\/fr\/shabbat-letter-ads\/\">Shabbat Letter ads<\/a><div class=\"content\"><p><strong>Devenez membre de l&#8217;Organisation des Nations Unies pour Isra\u00ebl<\/strong> &amp; rejoignez notre conf\u00e9rence mensuelle en ligne pour les membres. Vous recevrez chaque mois des mises \u00e0 jour, des instructions et des enseignements proph\u00e9tiques en direct, et vous ferez partie de l&#8217;\u00c9glise d&#8217;Esther qui soutient Isra\u00ebl!<\/p>\n<p><a class=\"button\" href=\"https:\/\/unitednationsforisrael.org\/membership-options\/\" target=\"_blank\" rel=\"noopener\"><strong>Rejoignez UNIFY \u2192<\/strong><\/a><\/p>\n<h4><strong>Envoyez vos offrandes<\/strong><\/h4>\n<ul>\n<li><strong>En ligne :<\/strong> <a href=\"https:\/\/kad-esh.org\/fr\/des-dons\/\">https:\/\/kad-esh.org\/donations\/<\/a><\/li>\n<li><strong>Envoyez-nous un e-mail \u00e0 <\/strong><a href=\"mailto:info@kad-esh.org\">info@kad-esh.org<\/a> pour les coordonn\u00e9es bancaires.<\/li>\n<li><strong>Par Zelle<\/strong> : <a href=\"mailto:info@kad-esh.org\">info@kad-esh.org<\/a><\/li>\n<li><strong>Appelez-nous aux \u00c9tats-Unis<\/strong> au 1-972-301-7087<\/li>\n<li><strong>Les ch\u00e8ques<\/strong> en USD, dollars canadiens ou livres sterling doivent \u00eatre envoy\u00e9s \u00e0 Kad-Esh MAP Ministries, 52 Tuscan Way Ste 202-412, St Augustine, Floride 32092, \u00c9tats-Unis.<\/li>\n<li><strong>Western Unions &amp; Money Grams<\/strong> adress\u00e9 \u00e0 Paulette Cowan, 52 Tuscan Way Ste 202-412, St Augustine, Floride 32092, \u00c9tats-Unis<\/li>\n<\/ul>\n<div class=\"social-links\"><a title=\"Facebook\" href=\"https:\/\/www.facebook.com\/unitednationsforisrael\/\" target=\"blank\" rel=\"noopener\"><img decoding=\"async\" src=\"https:\/\/kad-esh.org\/wp-content\/uploads\/2022\/06\/facebook.svg\" alt=\"Facebook\" \/><\/a><br \/>\n<a title=\"Twitter\" href=\"https:\/\/twitter.com\/DominiquaeBi\" target=\"blank\" rel=\"noopener\"><img decoding=\"async\" src=\"https:\/\/kad-esh.org\/wp-content\/uploads\/2022\/06\/twitter.svg\" alt=\"Twitter\" \/><\/a><br \/>\n<a title=\"YouTube\" href=\"https:\/\/www.youtube.com\/@DominiquaeBiermanTV\" target=\"blank\" rel=\"noopener\"><img decoding=\"async\" src=\"https:\/\/kad-esh.org\/wp-content\/uploads\/2022\/06\/youtube.svg\" alt=\"Youtube\" \/><\/a><br \/>\n<a title=\"Instagram\" href=\"https:\/\/www.instagram.com\/archbishopdominiquae\/\" target=\"blank\" rel=\"noopener\"><img decoding=\"async\" src=\"https:\/\/kad-esh.org\/wp-content\/uploads\/2022\/06\/instagram.svg\" alt=\"Instagram\" \/><\/a><br \/>\n<a title=\"Zions Gospel\" href=\"https:\/\/www.zionsgospel.com\/\" target=\"blank\" rel=\"noopener\"><img decoding=\"async\" src=\"https:\/\/kad-esh.org\/wp-content\/uploads\/2022\/06\/link.svg\" alt=\"Website\" \/><\/a><br \/>\n<a title=\"Email\" href=\"mailto:info@kad-esh.org\" target=\"_blank\" rel=\"noopener\"><img decoding=\"async\" src=\"https:\/\/kad-esh.org\/wp-content\/uploads\/2022\/06\/envelope.svg\" alt=\"Email\" \/><\/a><\/div>\n<p><img loading=\"lazy\" decoding=\"async\" class=\"alignnone size-full wp-image-57661\" src=\"https:\/\/kad-esh.org\/wp-content\/uploads\/2024\/10\/ab-with-plant.jpg\" alt=\"Archbishop with a plant\" width=\"1200\" height=\"800\" srcset=\"https:\/\/kad-esh.org\/wp-content\/uploads\/2024\/10\/ab-with-plant.jpg 1200w, https:\/\/kad-esh.org\/wp-content\/uploads\/2024\/10\/ab-with-plant-770x513.jpg 770w, https:\/\/kad-esh.org\/wp-content\/uploads\/2024\/10\/ab-with-plant-768x512.jpg 768w, https:\/\/kad-esh.org\/wp-content\/uploads\/2024\/10\/ab-with-plant-100x67.jpg 100w, https:\/\/kad-esh.org\/wp-content\/uploads\/2024\/10\/ab-with-plant-862x575.jpg 862w, https:\/\/kad-esh.org\/wp-content\/uploads\/2024\/10\/ab-with-plant-500x333.jpg 500w, https:\/\/kad-esh.org\/wp-content\/uploads\/2024\/10\/ab-with-plant-600x400.jpg 600w\" sizes=\"auto, (max-width: 1200px) 100vw, 1200px\" \/><\/p>\n<h4 style=\"margin-top: 0;\"><strong>Apportez la vie \u00e0 Isra\u00ebl !<\/strong><\/h4>\n<p>Nous vous invitons \u00e0 planter un arbre fruitier en m\u00e9moire des Isra\u00e9liens assassin\u00e9s le 7 octobre, et en m\u00e9moire de vos proches disparus.<\/p>\n<p>Redonnons vie aux morts en plantant de nouveaux arbres pour soutenir Isra\u00ebl et reconqu\u00e9rir la Terre promise.<\/p>\n<p><em>&#8220;Ceux qui s\u00e8ment dans les larmes r\u00e9colteront avec un chant de joie&#8221;<\/em>. Psaume 126:5<\/p>\n<p><a class=\"button\" href=\"https:\/\/unitednationsforisrael.org\/unify-donations\/plant-trees\/\" target=\"_blank\" rel=\"noopener\"><strong>Planter des Arbres en Israel<\/strong><\/a><\/p>\n<h5><strong>Soutenir nos projets en Isra\u00ebl<\/strong><\/h5>\n<p>Aidez-nous \u00e0 continuer \u00e0 \u00e9mettre depuis Isra\u00ebl, en aidant les familles et les communaut\u00e9s isra\u00e9liennes qui ont un besoin urgent de nourriture et de produits de premi\u00e8re n\u00e9cessit\u00e9, et \u00e0 planter des arbres dans le pays..<\/p>\n<p>Nous sommes vos bottes sur la terre sainted.<\/p>\n<p><a class=\"button\" href=\"https:\/\/unitednationsforisrael.org\/unify-donations\/\" target=\"_blank\" rel=\"noopener\"><strong>Aidez Israel<\/strong> \u2192<\/a><\/p>\n<p>(Choisissez &#8220;Projets Isra\u00ebl&#8221; parmi les options de donation)<\/p>\n<h5><strong>S&#8217;abonner \u00e0 notre cha\u00eene YouTube<\/strong><\/h5>\n<p>Regardez les derni\u00e8res \u00e9missions de l&#8217;archev\u00eaque Dominiquae Bierman<\/p>\n<p><a class=\"button\" href=\"https:\/\/www.youtube.com\/@DominiquaeBiermanTV\" target=\"_blank\" rel=\"noopener\"><strong>Notre canal YouTube \u2192<\/strong><\/a><\/p>\n<h5><strong>Pour les derni\u00e8res nouvelles d&#8217;Isra\u00ebl, rejoignez notre cha\u00eene Telegram<\/strong><\/h5>\n<p><a class=\"button\" href=\"https:\/\/t.me\/dominiquaebierman\"><strong>Telegram <\/strong>\u2192<\/a><\/p>\n<h5><strong>Prier et proclamer la Parole sur Isra\u00ebl<\/strong><\/h5>\n<p><a class=\"button\" href=\"https:\/\/kad-esh.org\/prayers-for-israel\/\"><strong>Pri\u00e8res pour Israel <\/strong>\u2192<\/a><\/p>\n<p><img decoding=\"async\" class=\"alignnone size-full wp-image-47748\" src=\"https:\/\/kad-esh.org\/wp-content\/uploads\/2023\/07\/grm-bible-institute-banner.jpg\" alt=\"GRM Bible Institute banner\" width=\"100%\" height=\"auto\" srcset=\"https:\/\/kad-esh.org\/wp-content\/uploads\/2023\/07\/grm-bible-institute-banner.jpg 1920w, https:\/\/kad-esh.org\/wp-content\/uploads\/2023\/07\/grm-bible-institute-banner-300x88.jpg 300w, https:\/\/kad-esh.org\/wp-content\/uploads\/2023\/07\/grm-bible-institute-banner-1024x299.jpg 1024w, https:\/\/kad-esh.org\/wp-content\/uploads\/2023\/07\/grm-bible-institute-banner-768x224.jpg 768w, https:\/\/kad-esh.org\/wp-content\/uploads\/2023\/07\/grm-bible-institute-banner-1536x448.jpg 1536w, https:\/\/kad-esh.org\/wp-content\/uploads\/2023\/07\/grm-bible-institute-banner-500x146.jpg 500w, https:\/\/kad-esh.org\/wp-content\/uploads\/2023\/07\/grm-bible-institute-banner-100x29.jpg 100w, https:\/\/kad-esh.org\/wp-content\/uploads\/2023\/07\/grm-bible-institute-banner-862x251.jpg 862w, https:\/\/kad-esh.org\/wp-content\/uploads\/2023\/07\/grm-bible-institute-banner-1200x350.jpg 1200w, https:\/\/kad-esh.org\/wp-content\/uploads\/2023\/07\/grm-bible-institute-banner-600x175.jpg 600w, https:\/\/kad-esh.org\/wp-content\/uploads\/2023\/07\/grm-bible-institute-banner-64x19.jpg 64w\" sizes=\"(max-width: 1920px) 100vw, 1920px\" \/><\/p>\n<h4 style=\"margin-top: 0;\"><strong>\u00c9tudier \u00e0 l&#8217;Institut biblique d&#8217;Isra\u00ebl de l&#8217;AGIMAP !<\/strong><\/h4>\n<p>Vous n&#8217;aurez plus jamais besoin de retourner \u00e0 l&#8217;\u00e9cole biblique. L&#8217;Institut Biblique AGIMAP est une machine \u00e0 laver qui vous ram\u00e8ne \u00e0 la v\u00e9rit\u00e9 du 1er si\u00e8cle. Vous d\u00e9couvrirez l&#8217;Evangile original fait en Sion qui a lib\u00e9r\u00e9 beaucoup de gens.<\/p>\n<p><strong>T\u00e9moignages de nos \u00e9tudiants :<\/strong><\/p>\n<p><em>J&#8217;\u00e9tais le commandant en second d&#8217;un gang criminel national, mais avec l&#8217;aide de YHVH et de l&#8217;\u00e9cole biblique AGIMAP, j&#8217;ai commenc\u00e9 \u00e0 le d\u00e9noncer apr\u00e8s 21 ans d&#8217;appartenance. L&#8217;ennemi m&#8217;a attaqu\u00e9 pour cela. Il sait qu&#8217;il perd un guerrier, mais maintenant je m\u00e8ne une guerre diff\u00e9rente pour un Ma\u00eetre diff\u00e9rent.<\/em> &#8211; J.M.<\/p>\n<p><em>Avant, j&#8217;\u00e9tais confus et mal \u00e0 l&#8217;aise parce que je ne savais pas quoi croire. Il y a tellement de doctrines diff\u00e9rentes, toutes oppos\u00e9es les unes aux autres et enseignant des choses diff\u00e9rentes. Aujourd&#8217;hui, je comprends mieux l&#8217;\u00c9vangile et je connais les racines de ma foi.<\/em> &#8211; E.P<\/p>\n<p><em>Je me suis tromp\u00e9 toute ma vie, mais maintenant je comprends ce que Dieu attend de moi !<\/em> -R.D.<\/p>\n<p><a class=\"button\" href=\"https:\/\/HTTPS:\/\/www.grmbibleinstitute.com\/\"><strong>S&#8217;inscrire et commencer ses \u00e9tudes \u2192<\/strong><\/a><\/p>\n<p>*Des bourses totales ou partielles peuvent \u00eatre demand\u00e9es en cas d&#8217;extr\u00eame n\u00e9cessit\u00e9. Veuillez soumettre vos demandes \u00e0 info@grmbibleschool.com en expliquant la raison de votre demande.<\/p>\n<h5><strong>Signez notre p\u00e9tition pour interdire l&#8217;affichage public de croix gamm\u00e9es et de drapeaux nazis et du Hamas.<\/strong><\/h5>\n<p><a class=\"button\" href=\"https:\/\/www.change.org\/BanNeoNazism-Evil-Can-Be-Stopped\" target=\"_blank\" rel=\"noopener\"><strong>Signer maintenant \u2192<\/strong><\/a><\/p>\n<h4 style=\"margin-top: 0;\"><strong>Soutenir le minist\u00e8re des prisons de la MAP<\/strong><\/h4>\n<p>Le minist\u00e8re de la MAP dans les prisons, lanc\u00e9 par le rabbin Baruch Bierman, s&#8217;est rapidement d\u00e9velopp\u00e9. Des milliers d&#8217;\u00e9tudiants suivent les cours de l&#8217;\u00e9cole biblique de la GRM derri\u00e8re les barreaux. De nombreuses vies sont compl\u00e8tement transform\u00e9es !<\/p>\n<p><strong>Soutenez ce minist\u00e8re qui change la vie par vos pri\u00e8res et vos dons.<\/strong><\/p>\n<p><a class=\"button\" href=\"https:\/\/www.zionsgospel.com\/map-prison-ministry\/\" target=\"_blank\" rel=\"noopener\"><strong>MAP Prison Minist\u00e8re \u2192<\/strong><\/a><\/p>\n<p><img loading=\"lazy\" decoding=\"async\" class=\"alignnone size-full wp-image-63192\" src=\"https:\/\/kad-esh.org\/wp-content\/uploads\/2025\/05\/vessels-of-fire-mockup.jpg\" alt=\"Vessels of Fire\" width=\"1200\" height=\"613\" srcset=\"https:\/\/kad-esh.org\/wp-content\/uploads\/2025\/05\/vessels-of-fire-mockup.jpg 1200w, https:\/\/kad-esh.org\/wp-content\/uploads\/2025\/05\/vessels-of-fire-mockup-770x393.jpg 770w, https:\/\/kad-esh.org\/wp-content\/uploads\/2025\/05\/vessels-of-fire-mockup-768x392.jpg 768w, https:\/\/kad-esh.org\/wp-content\/uploads\/2025\/05\/vessels-of-fire-mockup-500x255.jpg 500w, https:\/\/kad-esh.org\/wp-content\/uploads\/2025\/05\/vessels-of-fire-mockup-600x307.jpg 600w, https:\/\/kad-esh.org\/wp-content\/uploads\/2025\/05\/vessels-of-fire-mockup-100x51.jpg 100w, https:\/\/kad-esh.org\/wp-content\/uploads\/2025\/05\/vessels-of-fire-mockup-862x440.jpg 862w\" sizes=\"auto, (max-width: 1200px) 100vw, 1200px\" \/><\/p>\n<p>Lire les t\u00e9moignages \u00e9tonnants de nos \u00e9tudiants<br \/>\n<strong>Vaisseaux de feu &#8211; T\u00e9moignages derri\u00e8re les barreaux<\/strong><\/p>\n<p><a class=\"button\" href=\"https:\/\/www.zionsgospel.com\/shop\/vessels-of-fire\/\" target=\"_blank\" rel=\"noopener\"><strong>Commander le livre \u2192<\/strong><\/a><\/p>\n<h4><strong>Nos Minist\u00e8res &amp; Ressources<\/strong><\/h4>\n<p><a class=\"button\" href=\"https:\/\/linktr.ee\/archbishop_dominiquae\" target=\"_blank\" rel=\"noopener\"><strong>Visitez nous \u2192<\/strong><\/a><\/p>\n<p><strong>Pour inviter les ap\u00f4tres juifs \u00e0 pr\u00eacher et \u00e0 exercer leur minist\u00e8re dans votre ville et votre pays, envoyez-nous un courriel.<\/strong>\u00e0 <a href=\"mailto:info@kad-esh.org\"><u>info@kad-esh.org<\/u><\/a><\/p>\n<p><img decoding=\"async\" class=\"alignnone size-full wp-image-40065\" style=\"margin-top: 2em; margin-bottom: 0;\" src=\"https:\/\/kad-esh.org\/wp-content\/uploads\/2022\/08\/unify-banner.jpg\" alt=\"UNIFY Banner\" width=\"100%\" height=\"auto\" srcset=\"https:\/\/kad-esh.org\/wp-content\/uploads\/2022\/08\/unify-banner.jpg 1200w, https:\/\/kad-esh.org\/wp-content\/uploads\/2022\/08\/unify-banner-300x81.jpg 300w, https:\/\/kad-esh.org\/wp-content\/uploads\/2022\/08\/unify-banner-1024x277.jpg 1024w, https:\/\/kad-esh.org\/wp-content\/uploads\/2022\/08\/unify-banner-768x208.jpg 768w, https:\/\/kad-esh.org\/wp-content\/uploads\/2022\/08\/unify-banner-500x135.jpg 500w, https:\/\/kad-esh.org\/wp-content\/uploads\/2022\/08\/unify-banner-100x27.jpg 100w, https:\/\/kad-esh.org\/wp-content\/uploads\/2022\/08\/unify-banner-862x233.jpg 862w, https:\/\/kad-esh.org\/wp-content\/uploads\/2022\/08\/unify-banner-600x163.jpg 600w, https:\/\/kad-esh.org\/wp-content\/uploads\/2022\/08\/unify-banner-64x17.jpg 64w\" sizes=\"(max-width: 1200px) 100vw, 1200px\" \/><\/p>\n<h4 style=\"margin-top: 0;\"><strong>Rejoignez les Justes des Nations<\/strong><\/h4>\n<p>Devenez notre partenaire privil\u00e9gi\u00e9 en vous engageant \u00e0 soutenir UNIFY par un don mensuel de 100 $ ou plus. En tant que membre des &#8220;Justes des Nations&#8221;, vous aurez acc\u00e8s \u00e0 des r\u00e9unions en ligne exclusives avec l&#8217;archev\u00eaque Dominiquae Bierman.<\/p>\n<p><a class=\"button\" href=\"https:\/\/unitednationsforisrael.org\/unify-donations\/\" target=\"_blank\" rel=\"noopener\"><strong>Rejoindre les Justes des Nations \u2192<\/strong><\/a><\/p>\n<p>(Choisissez &#8220;Rejoindre les Justes des Nations&#8221; parmi les options de donation)<\/p>\n<\/div><\/li><\/ul>\n","protected":false},"excerpt":{"rendered":"<p>Torah NITZAVIM \u2013 VAYEILECH \u2013 Devarim (Deut\u00e9ronome) 29:9-31:30 Haftarah: Esaie 61:10-63:9 \u00ab Je te loue, car je suis une cr\u00e9ature extraordinaire et merveilleuse ! Tes \u0153uvres sont merveilleuses, et mon \u00e2me le sait tr\u00e8s bien. \u00bb Psaumes 139:14 TLV Shabbat &#8230; <\/p>\n<div><a href=\"https:\/\/kad-esh.org\/fr\/shabbat-letter-ads\/\" class=\"more-link\">Lire la suite<\/a><\/div>\n","protected":false},"author":14,"featured_media":82435,"comment_status":"closed","ping_status":"closed","sticky":false,"template":"","format":"standard","meta":{"give_campaign_id":0,"_kad_blocks_custom_css":"","_kad_blocks_head_custom_js":"","_kad_blocks_body_custom_js":"","_kad_blocks_footer_custom_js":"","footnotes":""},"categories":[521],"tags":[],"class_list":["post-82441","post","type-post","status-publish","format-standard","has-post-thumbnail","hentry","category-shabbat-letter-fr"],"taxonomy_info":{"category":[{"value":521,"label":"Shabbat Letter"}]},"featured_image_src_large":["https:\/\/kad-esh.org\/wp-content\/uploads\/2026\/09\/holy-self-esteem-1-1200x800.jpg",742,495,true],"author_info":{"display_name":"WB","author_link":"https:\/\/kad-esh.org\/fr\/author\/wb\/"},"comment_info":0,"category_info":[{"term_id":521,"name":"Shabbat Letter","slug":"shabbat-letter-fr","term_group":0,"term_taxonomy_id":521,"taxonomy":"category","description":"","parent":0,"count":80,"filter":"raw","cat_ID":521,"category_count":80,"category_description":"","cat_name":"Shabbat Letter","category_nicename":"shabbat-letter-fr","category_parent":0}],"tag_info":false,"_links":{"self":[{"href":"https:\/\/kad-esh.org\/fr\/wp-json\/wp\/v2\/posts\/82441","targetHints":{"allow":["GET"]}}],"collection":[{"href":"https:\/\/kad-esh.org\/fr\/wp-json\/wp\/v2\/posts"}],"about":[{"href":"https:\/\/kad-esh.org\/fr\/wp-json\/wp\/v2\/types\/post"}],"author":[{"embeddable":true,"href":"https:\/\/kad-esh.org\/fr\/wp-json\/wp\/v2\/users\/14"}],"replies":[{"embeddable":true,"href":"https:\/\/kad-esh.org\/fr\/wp-json\/wp\/v2\/comments?post=82441"}],"version-history":[{"count":3,"href":"https:\/\/kad-esh.org\/fr\/wp-json\/wp\/v2\/posts\/82441\/revisions"}],"predecessor-version":[{"id":82445,"href":"https:\/\/kad-esh.org\/fr\/wp-json\/wp\/v2\/posts\/82441\/revisions\/82445"}],"wp:featuredmedia":[{"embeddable":true,"href":"https:\/\/kad-esh.org\/fr\/wp-json\/wp\/v2\/media\/82435"}],"wp:attachment":[{"href":"https:\/\/kad-esh.org\/fr\/wp-json\/wp\/v2\/media?parent=82441"}],"wp:term":[{"taxonomy":"category","embeddable":true,"href":"https:\/\/kad-esh.org\/fr\/wp-json\/wp\/v2\/categories?post=82441"},{"taxonomy":"post_tag","embeddable":true,"href":"https:\/\/kad-esh.org\/fr\/wp-json\/wp\/v2\/tags?post=82441"}],"curies":[{"name":"wp","href":"https:\/\/api.w.org\/{rel}","templated":true}]}}