{"id":82482,"date":"2026-09-02T18:22:41","date_gmt":"2026-09-02T15:22:41","guid":{"rendered":"https:\/\/kad-esh.org\/?p=82482"},"modified":"2026-09-02T22:52:37","modified_gmt":"2026-09-02T19:52:37","slug":"heligt-sjalvfortroende","status":"publish","type":"post","link":"https:\/\/kad-esh.org\/sv\/heligt-sjalvfortroende\/","title":{"rendered":"Heligt sj\u00e4lvf\u00f6rtroende"},"content":{"rendered":"<p><img loading=\"lazy\" decoding=\"async\" class=\"alignnone size-full wp-image-82386\" src=\"https:\/\/kad-esh.org\/wp-content\/uploads\/2026\/09\/holy-self-esteem-1.jpg\" alt=\"Holy Self-Esteem\" width=\"1536\" height=\"1024\" srcset=\"https:\/\/kad-esh.org\/wp-content\/uploads\/2026\/09\/holy-self-esteem-1.jpg 1536w, https:\/\/kad-esh.org\/wp-content\/uploads\/2026\/09\/holy-self-esteem-1-770x513.jpg 770w, https:\/\/kad-esh.org\/wp-content\/uploads\/2026\/09\/holy-self-esteem-1-1200x800.jpg 1200w, https:\/\/kad-esh.org\/wp-content\/uploads\/2026\/09\/holy-self-esteem-1-768x512.jpg 768w, https:\/\/kad-esh.org\/wp-content\/uploads\/2026\/09\/holy-self-esteem-1-500x333.jpg 500w, https:\/\/kad-esh.org\/wp-content\/uploads\/2026\/09\/holy-self-esteem-1-600x400.jpg 600w\" sizes=\"auto, (max-width: 1536px) 100vw, 1536px\" \/><br \/>\n<span class=\"torah-portion\">Torahl\u00e4sning NITZAVIM-VAYEILECH \u2013 Devarim (Femte Moseboken) 29:9\u201331:30 Haftara: Jesaja 61:10\u201363:9<\/span><\/p>\n<blockquote><p><em>Jag tackar dig f\u00f6r att jag \u00e4r s\u00e5 underbart skapad. Underbara \u00e4r dina verk, min sj\u00e4l vet det s\u00e5 v\u00e4l. <\/em>Psaltaren 139:14 SFB15<\/p><\/blockquote>\n<h4 style=\"margin-top: 0;\"><strong>Shabbat shalom, k\u00e4ra v\u00e4nner.<\/strong><\/h4>\n<p>Har du n\u00e5nsin h\u00f6rt f\u00f6ljande ord: \u201cOm du bara tror p\u00e5 dig sj\u00e4lv kan du uppn\u00e5 allt du \u00f6nskar. Du kan bli precis den du vill vara.\u201d \u00c4ven om detta l\u00e5ter bra och upplyftande \u00e4r min fr\u00e5ga: \u00e4r det sant?<\/p>\n<p>Bibeln talar ofta om vad vi skulle kunna kalla en sund sj\u00e4lvk\u00e4nsla eller identitet \u2013 att se oss sj\u00e4lva i enlighet med Adonais sanning snarare \u00e4n genom avvisande, stolthet, skam eller j\u00e4mf\u00f6relser.<\/p>\n<p>Allt har sin b\u00f6rjan i grunderna: Vem skapade oss? \u00c4r vi en produkt av v\u00e5ra f\u00f6r\u00e4ldrars fantasi? \u00c4r vi en naturens nyck? Vi m\u00e5ste reda ut dessa fr\u00e5gor f\u00f6r att kunna \u00e5teruppbygga en sund sj\u00e4lvk\u00e4nsla.<\/p>\n<p><em>Du har skapat mina njurar, du v\u00e4vde mig i moderlivet. <\/em>Psaltaren 139:13 SFB15<\/p>\n<p>Det \u00e4r uppenbart att samma Gud som skapade himlen och jorden, bergen och haven, blommorna och tr\u00e4den, fj\u00e4rilarna och bina ocks\u00e5 skapade dig och mig. Bibeln kallar oss en fantastisk skapelse.<\/p>\n<p><img loading=\"lazy\" decoding=\"async\" class=\"alignnone size-full wp-image-82387\" src=\"https:\/\/kad-esh.org\/wp-content\/uploads\/2026\/09\/holy-self-esteem-2.jpg\" alt=\"Holy Self-Esteem\" width=\"1536\" height=\"1024\" srcset=\"https:\/\/kad-esh.org\/wp-content\/uploads\/2026\/09\/holy-self-esteem-2.jpg 1536w, https:\/\/kad-esh.org\/wp-content\/uploads\/2026\/09\/holy-self-esteem-2-770x513.jpg 770w, https:\/\/kad-esh.org\/wp-content\/uploads\/2026\/09\/holy-self-esteem-2-1200x800.jpg 1200w, https:\/\/kad-esh.org\/wp-content\/uploads\/2026\/09\/holy-self-esteem-2-768x512.jpg 768w, https:\/\/kad-esh.org\/wp-content\/uploads\/2026\/09\/holy-self-esteem-2-500x333.jpg 500w, https:\/\/kad-esh.org\/wp-content\/uploads\/2026\/09\/holy-self-esteem-2-600x400.jpg 600w\" sizes=\"auto, (max-width: 1536px) 100vw, 1536px\" \/><\/p>\n<p><em>Jag tackar dig f\u00f6r att jag \u00e4r s\u00e5 underbart skapad. Underbara \u00e4r dina verk, min sj\u00e4l vet det s\u00e5 v\u00e4l. <\/em>Psaltaren 139:14 SFB15<\/p>\n<p>Men vet vi om att den Allra H\u00f6gste har gjort oss till fantastiska skapelser, Vet v\u00e5r sj\u00e4l det?<\/p>\n<p><em>Gud sade: \u201dL\u00e5t oss g\u00f6ra m\u00e4nniskor till v\u00e5r avbild, lika oss. De ska r\u00e5da \u00f6ver havets fiskar och himlens f\u00e5glar, \u00f6ver boskapsdjuren och hela jorden\u00a0och alla kr\u00e4ldjur som r\u00f6r sig p\u00e5 jorden.\u201d <\/em>F\u00f6rsta Moseboken 1:26 SFB15<\/p>\n<p>N\u00e4r vi ser oss i spegeln, inser vi d\u00e5 att vi betraktar v\u00e5r skapares avbild och likhet? Vet vi verkligen om att vi har Hans ansikte, Hans h\u00e4nder, Hans r\u00f6st och Hans hj\u00e4rta? F\u00f6rst\u00e5r vi att allt i oss \u00e4r utformat f\u00f6r att likna Honom och vara som Han \u00e4r? F\u00f6r att bekr\u00e4fta detta h\u00e4pnadsv\u00e4ckande faktum sade Han: \u201dL\u00e5t dem h\u00e4rska!\u201d Vi \u00e4r skapade f\u00f6r att vara h\u00e4rskare i denna jordiska v\u00e4rld \u2013 inte d\u00f6rrmattor, inte offer f\u00f6r omst\u00e4ndigheterna, utan h\u00e4rskare! Detta g\u00e4ller lika mycket f\u00f6r m\u00e4n som f\u00f6r kvinnor!<\/p>\n<p><em>Och Gud skapade m\u00e4nniskan till sin avbild, till Guds avbild skapade han henne, till man och kvinna skapade han dem. <\/em>F\u00f6rsta Moseboken 1:27 SFB15<\/p>\n<p>Han skapade man och kvinna f\u00f6r att de skulle vara lika Honom i auktoritet, medk\u00e4nsla, kreativitet, generositet, helighet, r\u00e4ttf\u00e4rdighet ja i allting. Det \u00e4r inte s\u00e5 dumt.<\/p>\n<p><em>Och Gud v\u00e4lsignade dem och sade till dem:\u201dVar fruktsamma och f\u00f6r\u00f6ka er, uppfyll jorden och l\u00e4gg den under er. R\u00e5d \u00f6ver havets fiskar, himlens f\u00e5glar och alla djur som r\u00f6r sig p\u00e5 jorden.\u201d <\/em>F\u00f6rsta Moseboken 1:28 SFB15<\/p>\n<p>Varifr\u00e5n kommer d\u00e5 l\u00e5g sj\u00e4lvk\u00e4nsla och brist p\u00e5 sj\u00e4lvf\u00f6rtroende, eller \u00f6vermod och stolthet som \u00e4r motsatserna till dessa.<\/p>\n<p><em>Men Herren Gud kallade p\u00e5 mannen och sade till honom: \u201dVar \u00e4r du?\u201d Han svarade: \u201dJag h\u00f6rde ljudet av dig i lustg\u00e5rden och blev r\u00e4dd eftersom jag \u00e4r naken. D\u00e4rf\u00f6r g\u00f6mde jag mig.\u201d D\u00e5 sade han: \u201dVem har ber\u00e4ttat f\u00f6r dig att du \u00e4r naken? Har du \u00e4tit av tr\u00e4det som jag f\u00f6rbj\u00f6d dig att \u00e4ta av?\u201d <\/em>F\u00f6rsta Moseboken 3:9\u201311 SFB15<\/p>\n<p><img loading=\"lazy\" decoding=\"async\" class=\"alignnone size-full wp-image-82388\" src=\"https:\/\/kad-esh.org\/wp-content\/uploads\/2026\/09\/holy-self-esteem-3.jpg\" alt=\"Holy Self-Esteem\" width=\"1672\" height=\"941\" srcset=\"https:\/\/kad-esh.org\/wp-content\/uploads\/2026\/09\/holy-self-esteem-3.jpg 1672w, https:\/\/kad-esh.org\/wp-content\/uploads\/2026\/09\/holy-self-esteem-3-770x433.jpg 770w, https:\/\/kad-esh.org\/wp-content\/uploads\/2026\/09\/holy-self-esteem-3-1200x675.jpg 1200w, https:\/\/kad-esh.org\/wp-content\/uploads\/2026\/09\/holy-self-esteem-3-768x432.jpg 768w, https:\/\/kad-esh.org\/wp-content\/uploads\/2026\/09\/holy-self-esteem-3-500x281.jpg 500w, https:\/\/kad-esh.org\/wp-content\/uploads\/2026\/09\/holy-self-esteem-3-600x338.jpg 600w\" sizes=\"auto, (max-width: 1672px) 100vw, 1672px\" \/><\/p>\n<p>N\u00e4r Adam, b\u00e5de kvinnan och mannen, br\u00f6t mot det f\u00f6rsta budet som givits dem, f\u00f6rlorade de f\u00f6rm\u00e5gan att se sig sj\u00e4lva i Skaparens ljus. N\u00e4r de \u00e5t av kunskapens tr\u00e4d p\u00e5 gott och ont, f\u00f6rvanskades deras sj\u00e4lvbild. Deras f\u00f6rst\u00e5else och synf\u00f6rm\u00e5ga f\u00f6rgiftades. De s\u00e5g nu sig sj\u00e4lva genom ormens \u00f6gon. Genom den nu f\u00f6rvanskade sj\u00e4lvbilden kom m\u00e4nniskor att se sig sj\u00e4lva p\u00e5 ett f\u00f6rvr\u00e4ngt s\u00e4tt, ibland som f\u00f6r stora (stolthet) och ibland som f\u00f6r sm\u00e5 (minderv\u00e4rdeskomplex).<\/p>\n<p>Denna f\u00f6rvr\u00e4ngda sj\u00e4lvuppfattning skulle nu komma att styra relationerna mellan m\u00e4n och kvinnor, mellan f\u00f6r\u00e4ldrar och barn. Den skulle leda till misshandel i relationerna och orsaka m\u00e5nga s\u00e5r i m\u00e4nsklighetens sj\u00e4lar.<\/p>\n<p><em>Till kvinnan sade han: \u201dJag ska g\u00f6ra din m\u00f6da stor n\u00e4r du blir havande. Med sm\u00e4rta ska du f\u00f6da dina barn. Till din man ska din \u00e5tr\u00e5 vara, och han ska r\u00e5da \u00f6ver dig.\u201d <\/em>F\u00f6rsta Moseboken 3:16 SFB15<\/p>\n<p>Det finns bara ett botemedel mot att klanka ner p\u00e5 sig sj\u00e4lv: en f\u00f6rl\u00e5telse s\u00e5 stor att den kan \u00e5terskapa Skaparens avbild i oss. Det \u00e4r precis vad Yeshua gjorde n\u00e4r han h\u00e4ngde p\u00e5 korsets tr\u00e4 p\u00e5 Golgata och betalade det yttersta priset f\u00f6r v\u00e5r synd och v\u00e5rt uppror. Det var det h\u00f6gsta blodspris som n\u00e5gonsin betalats f\u00f6r att \u00e5terst\u00e4lla den m\u00e4nskliga sj\u00e4len till sin ursprungliga avbild, till att vara en sann avbild av v\u00e5r Skapare.<\/p>\n<p><em>Och n\u00e4r de kom till den plats som kallas D\u00f6dskallen, korsf\u00e4ste de honom och brottslingarna d\u00e4r, den ene p\u00e5 hans h\u00f6gra sida och den andre p\u00e5 hans v\u00e4nstra. Men Yeshua sade: &#8220;Far, f\u00f6rl\u00e5t dem, f\u00f6r de vet inte vad de g\u00f6r.&#8221; Och de delade hans kl\u00e4der mellan sig och kastade lott om dem. <\/em>Lukasevangeliet 23:33\u201334 SFB15<\/p>\n<p>N\u00e4r v\u00e5r Skapare blev m\u00e4nniska i sin gudomliga Son, f\u00f6dd som jude i Judeen, kallades Han \u201cden andre Adam\u201d.<\/p>\n<p><em>Den f\u00f6rsta m\u00e4nniskan kom fr\u00e5n jorden, av jord. Den andra m\u00e4nniskan kom fr\u00e5n himlen<\/em>. F\u00f6rsta Korintierbrevet 15:47 SFB15<\/p>\n<p>N\u00e4r Yeshua blir v\u00e5r Herre, f\u00f6ds vi omedelbart p\u00e5 nytt. Vi blir fullst\u00e4ndigt f\u00f6rl\u00e5tna och resan mot v\u00e5ra sj\u00e4lars \u00e5teruppr\u00e4ttelse b\u00f6rjar.<\/p>\n<p><em>Om n\u00e5gon \u00e4r i Messias \u00e4r han allts\u00e5 en ny skapelse. Det gamla \u00e4r f\u00f6rbi, n\u00e5got nytt har kommit. <\/em>Andra Korintierbrevet 5:17 SFB15<\/p>\n<p><img loading=\"lazy\" decoding=\"async\" class=\"alignnone size-full wp-image-82389\" src=\"https:\/\/kad-esh.org\/wp-content\/uploads\/2026\/09\/holy-self-esteem-4.jpg\" alt=\"Holy Self-Esteem\" width=\"1672\" height=\"941\" srcset=\"https:\/\/kad-esh.org\/wp-content\/uploads\/2026\/09\/holy-self-esteem-4.jpg 1672w, https:\/\/kad-esh.org\/wp-content\/uploads\/2026\/09\/holy-self-esteem-4-770x433.jpg 770w, https:\/\/kad-esh.org\/wp-content\/uploads\/2026\/09\/holy-self-esteem-4-1200x675.jpg 1200w, https:\/\/kad-esh.org\/wp-content\/uploads\/2026\/09\/holy-self-esteem-4-768x432.jpg 768w, https:\/\/kad-esh.org\/wp-content\/uploads\/2026\/09\/holy-self-esteem-4-500x281.jpg 500w, https:\/\/kad-esh.org\/wp-content\/uploads\/2026\/09\/holy-self-esteem-4-600x338.jpg 600w\" sizes=\"auto, (max-width: 1672px) 100vw, 1672px\" \/><\/p>\n<p>Syndens och Satans smutsiga avtryck raderas. De s\u00e5r som synden och satan har tillfogat b\u00f6rjar l\u00e4ka. P\u00e5 samma s\u00e4tt b\u00f6rjar v\u00e5r f\u00f6rvr\u00e4ngda sj\u00e4lvbild r\u00e4tas ut och \u00e5terst\u00e4llas till sin ursprungliga avsikt.<\/p>\n<p>V\u00e5rt v\u00e4rde \u00e4r grundat p\u00e5 insikten om att Adonai hade en avsikt med att Han skapade oss.<\/p>\n<p>Efesierbrevet 2:10 <em>Hans verk<\/em><\/p>\n<p>Hans verk \u00e4r vi, skapade i Messias Yeshua till goda g\u00e4rningar som Gud har f\u00f6rberett f\u00f6r att vi ska vandra i dem.<\/p>\n<p>Du \u00e4r ingen slump. Du \u00e4r Hans verk, Han skapade dig med ett syfte f\u00f6r ditt liv.<\/p>\n<p>F\u00f6rsta Petrusbrevet 2:9 <em>Utvalda och kallade<\/em><\/p>\n<p>Men ni \u00e4r ett utvalt sl\u00e4kte, ett kungligt pr\u00e4sterskap, ett heligt folk, ett Guds egendomsfolk.<\/p>\n<p>Den bibliska identiteten f\u00e5r vi genom att tillh\u00f6ra Gud.<\/p>\n<p>Jesaja 43:4 <em>Dyrbar i hans \u00f6gon<\/em><\/p>\n<p>Eftersom du \u00e4r dyrbar i mina \u00f6gon, h\u00f6gt aktad och \u00e4lskad av mig, ger jag m\u00e4nniskor i ditt st\u00e4lle,<\/p>\n<p>folk i st\u00e4llet f\u00f6r ditt liv.<\/p>\n<p>Detta \u00e4r s\u00e4rskilt kraftfullt f\u00f6r dem av oss som k\u00e4mpar med k\u00e4nslan av att vara avvisade eller med k\u00e4nslor av v\u00e4rdel\u00f6shet: \u201dDu \u00e4r dyrbar i mina \u00f6gon.\u201d<\/p>\n<p>Romarbrevet 8:1 <em>Frihet fr\u00e5n f\u00f6rd\u00f6melse<\/em><\/p>\n<p>S\u00e5 finns nu ingen f\u00f6rd\u00f6melse f\u00f6r dem som \u00e4r i Messias Yeshua.\u201d<\/p>\n<p>En sund identitet kr\u00e4ver att man skiljer mellan \u00f6vertygelse och f\u00f6rd\u00f6melse. \u00d6vertygelse leder oss till omv\u00e4ndelse, medan f\u00f6rd\u00f6melse leder till nederlag.<\/p>\n<p>Romarbrevet 8:15\u201316 <em>Identiteten som Guds barn<\/em><\/p>\n<p>Paulus l\u00e4r oss att vi inte har f\u00e5tt en ande av slaveri vilket leder tillbaka till r\u00e4dsla, utan en ande av barnaskap, genom vilken vi ropar: \u201dAbba! Fader!\u201d<\/p>\n<p>Filipperbrevet 4:13 <em>F\u00f6rtr\u00f6stan genom Messias<\/em><\/p>\n<p>Allt f\u00f6rm\u00e5r jag i Messias som ger mig kraft.<\/p>\n<p>Psaltaren 27:10 <em>Att \u00f6vervinna f\u00f6r\u00e4ldrarnas avvisande<\/em><\/p>\n<p>\u00c4ven om min far och min mor \u00f6verger mig, tar Adonai emot mig.<\/p>\n<p>Detta kan vara s\u00e4rskilt betydelsefullt n\u00e4r sj\u00e4lvk\u00e4nslan har skadats av att man varit avvisad i sin barndom.<\/p>\n<p>Sefanja 3:17 <em>Adonai gl\u00e4der sig \u00f6ver sitt folk.<\/em><\/p>\n<p>Adonai, din Gud bor i dig, en hj\u00e4lte som fr\u00e4lser. Han gl\u00e4der sig \u00f6ver dig med lust, han tiger stilla i sin k\u00e4rlek, han fr\u00f6jdas \u00f6ver dig med jubel.\u201d<\/p>\n<p><img loading=\"lazy\" decoding=\"async\" class=\"alignnone size-full wp-image-82390\" src=\"https:\/\/kad-esh.org\/wp-content\/uploads\/2026\/09\/holy-self-esteem-5.jpg\" alt=\"Holy Self-Esteem\" width=\"1537\" height=\"1023\" srcset=\"https:\/\/kad-esh.org\/wp-content\/uploads\/2026\/09\/holy-self-esteem-5.jpg 1537w, https:\/\/kad-esh.org\/wp-content\/uploads\/2026\/09\/holy-self-esteem-5-770x512.jpg 770w, https:\/\/kad-esh.org\/wp-content\/uploads\/2026\/09\/holy-self-esteem-5-1200x799.jpg 1200w, https:\/\/kad-esh.org\/wp-content\/uploads\/2026\/09\/holy-self-esteem-5-768x511.jpg 768w, https:\/\/kad-esh.org\/wp-content\/uploads\/2026\/09\/holy-self-esteem-5-500x333.jpg 500w, https:\/\/kad-esh.org\/wp-content\/uploads\/2026\/09\/holy-self-esteem-5-600x399.jpg 600w\" sizes=\"auto, (max-width: 1537px) 100vw, 1537px\" \/><\/p>\n<h4 style=\"margin-top: 0;\"><strong>En biblisk grund f\u00f6r sj\u00e4lvk\u00e4nsla<\/strong><\/h4>\n<p>Biblisk sj\u00e4lvk\u00e4nsla \u00e4r inte den h\u00f6gmodiga inst\u00e4llningen \u201dJag \u00e4r underbar p\u00e5 grund av mig sj\u00e4lv.\u201d Det \u00e4r inte heller den falska \u00f6dmjukheten som s\u00e4ger: \u201dJag \u00e4r v\u00e4rdel\u00f6s.\u201d<\/p>\n<p>Den bibliska balansen i detta \u00e4r:<\/p>\n<p>Jag har ett stort v\u00e4rde eftersom Adonai har skapat mig, \u00e4lskar mig, f\u00f6rl\u00f6st mig, utvalt mig och gett mig ett syfte. Samtidigt beror allt jag \u00e4r och allt jag \u00e5stadkommer p\u00e5 Hans n\u00e5d. Utan Honom \u00e4r jag ingenting.<\/p>\n<p><em>Jag \u00e4r vinstocken, ni \u00e4r grenarna. Om n\u00e5gon f\u00f6rblir i mig och jag i honom, s\u00e5 b\u00e4r han rik frukt. Utan Mig kan ni ingenting g\u00f6ra. <\/em>Johannesevangeliet 15:5 SFB15<\/p>\n<p>Med Honom \u00e4r jag allt jag beh\u00f6ver vara f\u00f6r att Han ska bli upph\u00f6jd.<\/p>\n<p><em>Men i allt detta vinner vi en \u00f6verv\u00e4ldigande seger genom Honom som har \u00e4lskat oss. <\/em>Romarbrevet 8:37<\/p>\n<p>N\u00e4r v\u00e5r sj\u00e4l \u00e4r v\u00e4l inf\u00f6rst\u00e5dd med detta kommer allt det Han har avsett att vi ska vara och \u00e5stadkomma att bli m\u00f6jligt. Vi kommer inte att hindras av k\u00e4nslor av underl\u00e4gsenhet eller \u00f6verl\u00e4gsenhet, v\u00e5r sj\u00e4lvk\u00e4nsla kommer att bli hel. Vi kommer att trivas med att vara oss sj\u00e4lva och sluta f\u00f6rs\u00f6ka vara n\u00e5gon annan eller t\u00e4vla med andra. Vi kommer att omfamna det faktum att v\u00e5r Skapare g\u00f6r allt v\u00e4l, det inkluderar b\u00e5de dig och mig. Han har utrustat oss med allt vi beh\u00f6ver f\u00f6r att fullborda det syfte vi \u00e4r f\u00f6dda f\u00f6r och sedan f\u00f6das p\u00e5 nytt.<\/p>\n<p><em>Jag tackar dig f\u00f6r att jag \u00e4r s\u00e5 underbart skapad. Underbara \u00e4r dina verk, min sj\u00e4l vet det s\u00e5 v\u00e4l. <\/em>Psaltaren 139:14 SFB15<\/p>\n<p><em>Dina israeliska v\u00e4nner och mentorer, <\/em><\/p>\n<p><strong>\u00c4rkebiskop Dominiquae och rabbin Baruch Bierman<\/strong><\/p>\n<p><em>\u201dF\u00f6r Sions skull vill jag inte att <\/em>tiga\u201d Jesaja 62:1<\/p>\n<p><img decoding=\"async\" class=\"alignnone size-full wp-image-82110\" src=\"https:\/\/kad-esh.org\/wp-content\/uploads\/2026\/08\/ab-rabbi-laterra-2026.jpg\" alt=\"Archbishop Dominiquae and Rabbi Baruch Bierman\" width=\"350\" height=\"auto\" srcset=\"https:\/\/kad-esh.org\/wp-content\/uploads\/2026\/08\/ab-rabbi-laterra-2026.jpg 800w, https:\/\/kad-esh.org\/wp-content\/uploads\/2026\/08\/ab-rabbi-laterra-2026-770x712.jpg 770w, https:\/\/kad-esh.org\/wp-content\/uploads\/2026\/08\/ab-rabbi-laterra-2026-768x710.jpg 768w, https:\/\/kad-esh.org\/wp-content\/uploads\/2026\/08\/ab-rabbi-laterra-2026-500x463.jpg 500w, https:\/\/kad-esh.org\/wp-content\/uploads\/2026\/08\/ab-rabbi-laterra-2026-600x555.jpg 600w\" sizes=\"(max-width: 800px) 100vw, 800px\" \/><\/p>\n<p><img decoding=\"async\" class=\"alignnone size-full wp-image-31994\" src=\"https:\/\/kad-esh.org\/wp-content\/uploads\/2017\/05\/From-Sickology-to-a-Healthy-Logic-E-Book-Cover.jpg\" alt=\"From Sickology to a Healthy Logic\" width=\"350\" height=\"auto\" srcset=\"https:\/\/kad-esh.org\/wp-content\/uploads\/2017\/05\/From-Sickology-to-a-Healthy-Logic-E-Book-Cover.jpg 770w, https:\/\/kad-esh.org\/wp-content\/uploads\/2017\/05\/From-Sickology-to-a-Healthy-Logic-E-Book-Cover-500x772.jpg 500w, https:\/\/kad-esh.org\/wp-content\/uploads\/2017\/05\/From-Sickology-to-a-Healthy-Logic-E-Book-Cover-600x926.jpg 600w, https:\/\/kad-esh.org\/wp-content\/uploads\/2017\/05\/From-Sickology-to-a-Healthy-Logic-E-Book-Cover-64x99.jpg 64w, https:\/\/kad-esh.org\/wp-content\/uploads\/2017\/05\/From-Sickology-to-a-Healthy-Logic-E-Book-Cover-194x300.jpg 194w, https:\/\/kad-esh.org\/wp-content\/uploads\/2017\/05\/From-Sickology-to-a-Healthy-Logic-E-Book-Cover-663x1024.jpg 663w, https:\/\/kad-esh.org\/wp-content\/uploads\/2017\/05\/From-Sickology-to-a-Healthy-Logic-E-Book-Cover-768x1186.jpg 768w, https:\/\/kad-esh.org\/wp-content\/uploads\/2017\/05\/From-Sickology-to-a-Healthy-Logic-E-Book-Cover-100x154.jpg 100w\" sizes=\"(max-width: 770px) 100vw, 770px\" \/><\/p>\n<h4 style=\"margin-top: 0;\"><strong>Best\u00e4ll boken \u201dFrom Sickology to a Healthy Logic\u201d <\/strong><em>och dela den med andra<\/em><\/h4>\n<p><a href=\"https:\/\/www.zionsgospel.com\/shop\/from-sickology-to-a-healthy-logic\/\" target=\"_blank\" rel=\"noopener\">https:\/\/www.zionsgospel.com\/shop\/from-sickology-to-a-healthy-logic\/<\/a><\/p>\n<h4 style=\"margin-top: 0;\"><strong>Titta p\u00e5: Faith &amp; Soul Prosperity<\/strong><\/h4>\n<div class=\"x-resp-embed x-is-video x-is-youtube\"><iframe loading=\"lazy\" title=\"Faith &amp; Soul Prosperity | Dr. Dominiquae Bierman\" width=\"742\" height=\"417\" src=\"https:\/\/www.youtube.com\/embed\/mE4E3Ag3ys4?feature=oembed\" frameborder=\"0\" allow=\"accelerometer; autoplay; clipboard-write; encrypted-media; gyroscope; picture-in-picture; web-share\" referrerpolicy=\"strict-origin-when-cross-origin\" allowfullscreen><\/iframe><\/div>\n<p><a class=\"button\" href=\"https:\/\/youtu.be\/mE4E3Ag3ys4\" target=\"_blank\" rel=\"noopener\"><strong>YouTube<\/strong><\/a> <a class=\"button\" href=\"https:\/\/rumble.com\/v7e4fmw-faith-and-soul-prosperity-dr.-dominiquae-bierman.html\" target=\"_blank\" rel=\"noopener\"><strong>Rumble<\/strong><\/a><\/p>\n<ul class=\"display-posts-listing\"><li class=\"listing-item\"><a class=\"title\" href=\"https:\/\/kad-esh.org\/sv\/shabbat-letter-ads\/\">Shabbat Letter ads<\/a><div class=\"content\"><p><strong>Bli medlem i F\u00f6renta Nationerna f\u00f6r Israel<\/strong> &amp; delta i v\u00e5r m\u00e5natliga onlinekonferens f\u00f6r medlemmar. Du kommer att f\u00e5 f\u00e4rska uppdateringar, instruktioner samt profetisk undervisning live varje m\u00e5nad, och vara en del av Esterf\u00f6rsamlingen som st\u00e5r upp f\u00f6r Israel!<\/p>\n<p><a class=\"button\" href=\"https:\/\/unitednationsforisrael.org\/sv\/medlemskap\/\" target=\"_blank\" rel=\"noopener\"><strong>F\u00f6r en tid som denna kom med i UNIFY \u2192<\/strong><\/a><\/p>\n<h4><strong>F\u00f6r att skicka tionde och g\u00e5vor:<\/strong><\/h4>\n<ul>\n<li><strong>Online: <\/strong><a href=\"https:\/\/kad-esh.org\/sv\/donationer\/\">https:\/\/kad-esh.org\/donations\/<\/a><\/li>\n<li><strong>E-posta<\/strong> till oss p\u00e5 <a href=\"mailto:info@kad-esh.org\">info@kad-esh.org<\/a> f\u00f6r att f\u00e5 bankuppgifter.<\/li>\n<li><strong>Av Zelle: <\/strong><a href=\"mailto:info@kad-esh.org\">info@kad-esh.org<\/a><\/li>\n<li><strong>Ring<\/strong> oss i USA p\u00e5 1-972-301-7087<\/li>\n<li><strong>Checkar<\/strong> i USD, Kanadensiska Dollar eller Brittiska Pund skickas till Kad-Esh MAP Ministries, 52 Tuscan Way Ste 202-412, St Augustine, Florida 32092, USA<\/li>\n<li><strong>Western Unions &amp; Money Grams<\/strong> adresseras till Paulette Cowan, 52 Tuscan Way Ste 202-412, St Augustine, Florida 32092, USA<\/li>\n<\/ul>\n<div class=\"social-links\"><a title=\"Twitter\" href=\"https:\/\/twitter.com\/DominiquaeBi\" target=\"blank\" rel=\"noopener\"><img decoding=\"async\" src=\"https:\/\/kad-esh.org\/wp-content\/uploads\/2022\/06\/twitter.svg\" alt=\"Twitter\" \/><\/a><br \/>\n<a title=\"YouTube\" href=\"https:\/\/www.youtube.com\/@DominiquaeBiermanTV\" target=\"blank\" rel=\"noopener\"><img decoding=\"async\" src=\"https:\/\/kad-esh.org\/wp-content\/uploads\/2022\/06\/youtube.svg\" alt=\"Youtube\" \/><\/a><br \/>\n<a title=\"Instagram\" href=\"https:\/\/www.instagram.com\/archbishopdominiquae\/\" target=\"blank\" rel=\"noopener\"><img decoding=\"async\" src=\"https:\/\/kad-esh.org\/wp-content\/uploads\/2022\/06\/instagram.svg\" alt=\"Instagram\" \/><\/a><br \/>\n<a title=\"Zions Gospel\" href=\"https:\/\/www.zionsgospel.com\/\" target=\"blank\" rel=\"noopener\"><img decoding=\"async\" src=\"https:\/\/kad-esh.org\/wp-content\/uploads\/2022\/06\/link.svg\" alt=\"Website\" \/><\/a><br \/>\n<a title=\"Email\" href=\"mailto:info@kad-esh.org\" target=\"_blank\" rel=\"noopener\"><img decoding=\"async\" src=\"https:\/\/kad-esh.org\/wp-content\/uploads\/2022\/06\/envelope.svg\" alt=\"Email\" \/><\/a><\/div>\n<p><img loading=\"lazy\" decoding=\"async\" class=\"alignnone size-full wp-image-57661\" src=\"https:\/\/kad-esh.org\/wp-content\/uploads\/2024\/10\/ab-with-plant.jpg\" alt=\"Archbishop with a plant\" width=\"1200\" height=\"800\" srcset=\"https:\/\/kad-esh.org\/wp-content\/uploads\/2024\/10\/ab-with-plant.jpg 1200w, https:\/\/kad-esh.org\/wp-content\/uploads\/2024\/10\/ab-with-plant-770x513.jpg 770w, https:\/\/kad-esh.org\/wp-content\/uploads\/2024\/10\/ab-with-plant-768x512.jpg 768w, https:\/\/kad-esh.org\/wp-content\/uploads\/2024\/10\/ab-with-plant-100x67.jpg 100w, https:\/\/kad-esh.org\/wp-content\/uploads\/2024\/10\/ab-with-plant-862x575.jpg 862w, https:\/\/kad-esh.org\/wp-content\/uploads\/2024\/10\/ab-with-plant-500x333.jpg 500w, https:\/\/kad-esh.org\/wp-content\/uploads\/2024\/10\/ab-with-plant-600x400.jpg 600w\" sizes=\"auto, (max-width: 1200px) 100vw, 1200px\" \/><\/p>\n<h4><strong>Kom med Liv till Israel!<\/strong><\/h4>\n<p>Vi inbjuder dig att plantera ett frukttr\u00e4d till minne av de israeler som m\u00f6rdades den 7 oktober och till minne av dina egna n\u00e4ra och k\u00e4ra som har g\u00e5tt bort.<\/p>\n<p>L\u00e5t oss ge liv \u00e5t de d\u00f6da genom att plantera nya tr\u00e4d f\u00f6r att st\u00f6dja Israel och \u00e5terta det utlovade landet.<\/p>\n<p><em>&#8220;De som s\u00e5r med t\u00e5rar skall sk\u00f6rda med jubel.&#8221; <\/em>Psaltaren 126:5<\/p>\n<p><a class=\"button\" href=\"https:\/\/unitednationsforisrael.org\/unify-donations\/plant-trees\/\" target=\"_blank\" rel=\"noopener\"><strong>Plantera tr\u00e4d i Israel<\/strong><\/a><\/p>\n<h4><strong>St\u00f6tta krigsinsatserna<\/strong><\/h4>\n<p>Hj\u00e4lp oss forts\u00e4tta att s\u00e4nda ifr\u00e5n Israel, att hj\u00e4lpa familjer och samh\u00e4llen som \u00e4r i akut behov av mat och andra livsviktiga saker, samt att plantera tr\u00e4d. Vi \u00e4r er markservice h\u00e4r i det heliga landet.<\/p>\n<p><a class=\"button\" href=\"https:\/\/unitednationsforisrael.org\/unify-donations\/israel-projects\/\" target=\"_blank\" rel=\"noopener\"><strong>UNIFY:s fond f\u00f6r krigsinsatser \u2192<\/strong><\/a><\/p>\n<h5><strong>Prenumerera p\u00e5 v\u00e5r YouTubekanal<\/strong><\/h5>\n<p>Se de senaste s\u00e4ndningarna fr\u00e5n Archbishop Dominiquae Bierman<\/p>\n<p><a class=\"button\" href=\"https:\/\/www.youtube.com\/@DominiquaeBiermanTV\" target=\"_blank\" rel=\"noopener\">V\u00e5r engelska YouTubekanal \u2192<\/a><\/p>\n<p><a class=\"button\" href=\"https:\/\/www.youtube.com\/@DominiquaeBiermanTVSweden\" target=\"_blank\" rel=\"noopener\">V\u00e5r svenska YouTubekanal \u2192<\/a><\/p>\n<h5><strong>F\u00f6r att f\u00e5 de senaste uppdateringarna fr\u00e5n Israel, g\u00e5 med i v\u00e5r Telegramkanal:<\/strong><\/h5>\n<p><a class=\"button\" href=\"https:\/\/t.me\/dominiquaebierman\"><strong>Telegram <\/strong>\u2192 <\/a><\/p>\n<h5><strong>Be och deklarera Ordet \u00f6ver Israel<\/strong><\/h5>\n<p><a class=\"button\" href=\"https:\/\/kad-esh.org\/sv\/boner-for-israel\/\"><strong>B\u00f6ner f\u00f6r Israel <\/strong>\u2192<\/a><\/p>\n<p><img decoding=\"async\" class=\"alignnone size-full wp-image-40065\" style=\"margin-top: 2em; margin-bottom: 0;\" src=\"https:\/\/kad-esh.org\/wp-content\/uploads\/2022\/08\/unify-banner.jpg\" alt=\"UNIFY Banner\" width=\"100%\" height=\"auto\" srcset=\"https:\/\/kad-esh.org\/wp-content\/uploads\/2022\/08\/unify-banner.jpg 1200w, https:\/\/kad-esh.org\/wp-content\/uploads\/2022\/08\/unify-banner-300x81.jpg 300w, https:\/\/kad-esh.org\/wp-content\/uploads\/2022\/08\/unify-banner-1024x277.jpg 1024w, https:\/\/kad-esh.org\/wp-content\/uploads\/2022\/08\/unify-banner-768x208.jpg 768w, https:\/\/kad-esh.org\/wp-content\/uploads\/2022\/08\/unify-banner-500x135.jpg 500w, https:\/\/kad-esh.org\/wp-content\/uploads\/2022\/08\/unify-banner-100x27.jpg 100w, https:\/\/kad-esh.org\/wp-content\/uploads\/2022\/08\/unify-banner-862x233.jpg 862w, https:\/\/kad-esh.org\/wp-content\/uploads\/2022\/08\/unify-banner-600x163.jpg 600w, https:\/\/kad-esh.org\/wp-content\/uploads\/2022\/08\/unify-banner-64x17.jpg 64w\" sizes=\"(max-width: 1200px) 100vw, 1200px\" \/><\/p>\n<h4><strong>Bli medlem i F\u00d6RENTA NATIONERNA F\u00d6R ISRAEL \u2013 F\u00f6r en tid som denna<\/strong><\/h4>\n<p><a class=\"button\" href=\"https:\/\/unitednationsforisrael.org\/membership-options\/\" target=\"_blank\" rel=\"noopener\"><strong>Bli medlem i UNIFY <\/strong>\u2192<\/a><\/p>\n<p><img decoding=\"async\" class=\"alignnone size-full wp-image-47748\" src=\"https:\/\/kad-esh.org\/wp-content\/uploads\/2023\/07\/grm-bible-institute-banner.jpg\" alt=\"GRM Bible Institute banner\" width=\"100%\" height=\"auto\" srcset=\"https:\/\/kad-esh.org\/wp-content\/uploads\/2023\/07\/grm-bible-institute-banner.jpg 1920w, https:\/\/kad-esh.org\/wp-content\/uploads\/2023\/07\/grm-bible-institute-banner-300x88.jpg 300w, https:\/\/kad-esh.org\/wp-content\/uploads\/2023\/07\/grm-bible-institute-banner-1024x299.jpg 1024w, https:\/\/kad-esh.org\/wp-content\/uploads\/2023\/07\/grm-bible-institute-banner-768x224.jpg 768w, https:\/\/kad-esh.org\/wp-content\/uploads\/2023\/07\/grm-bible-institute-banner-1536x448.jpg 1536w, https:\/\/kad-esh.org\/wp-content\/uploads\/2023\/07\/grm-bible-institute-banner-500x146.jpg 500w, https:\/\/kad-esh.org\/wp-content\/uploads\/2023\/07\/grm-bible-institute-banner-100x29.jpg 100w, https:\/\/kad-esh.org\/wp-content\/uploads\/2023\/07\/grm-bible-institute-banner-862x251.jpg 862w, https:\/\/kad-esh.org\/wp-content\/uploads\/2023\/07\/grm-bible-institute-banner-1200x350.jpg 1200w, https:\/\/kad-esh.org\/wp-content\/uploads\/2023\/07\/grm-bible-institute-banner-600x175.jpg 600w, https:\/\/kad-esh.org\/wp-content\/uploads\/2023\/07\/grm-bible-institute-banner-64x19.jpg 64w\" sizes=\"(max-width: 1920px) 100vw, 1920px\" \/><\/p>\n<h4><strong>Studera GRM vid det israeliska Bibelinstitutet.<\/strong><\/h4>\n<p>Uppt\u00e4ck det ursprungliga evangeliet som skapades i Sion, ta emot sm\u00f6rjelsens och sanningens fullhet samt upplev den f\u00f6rvandlande kraften hos Yeshua, den judiske Messias.<\/p>\n<p><a class=\"button\" href=\"https:\/\/www.grmbibleinstitute.com\" target=\"_blank\" rel=\"noopener\">Anm\u00e4l dig och p\u00e5b\u00f6rja dina studier \u2192<\/a><\/p>\n<p><em>*Hel- eller del-stipendier kan beg\u00e4ras vid extrema behov. V\u00e4nligen skicka din beg\u00e4ran till info@grmbibleschool.com och f\u00f6rklara orsaken till din beg\u00e4ran.<\/em><\/p>\n<p>Skriv under v\u00e5r beg\u00e4ran att f\u00f6rbjuda visning av svastika-, nazist- och Hamas-flaggor p\u00e5 allm\u00e4n plats.<\/p>\n<p><a class=\"button\" href=\"https:\/\/www.change.org\/BanNeoNazism-Evil-Can-Be-Stopped\" target=\"_blank\" rel=\"noopener\">Skriv p\u00e5 nu &amp; dela \u2192<\/a><\/p>\n<h4><strong>St\u00f6d v\u00e5r MAP-f\u00e4ngelseverksamhet<\/strong><\/h4>\n<p>F\u00e4ngelseverksamheten MAP, som startades av rabbi Baruch Bierman, har spritts snabbt. Vi v\u00e4xer fort till tusentals studenter som studerar GRM:s bibelskola bakom galler. Ta del av deras vittnesb\u00f6rd!<\/p>\n<p><strong>St\u00f6d denna livsf\u00f6r\u00e4ndrande tj\u00e4nst genom b\u00f6ner och donationer\/g\u00e5vor<\/strong><\/p>\n<p><a class=\"button\" href=\"https:\/\/www.zionsgospel.com\/map-prison-ministry\/\" target=\"_blank\" rel=\"noopener\"><strong>MAP:s f\u00e4ngelseverksamhet \u2192<\/strong><\/a><\/p>\n<p><img loading=\"lazy\" decoding=\"async\" class=\"alignnone size-full wp-image-63192\" src=\"https:\/\/kad-esh.org\/wp-content\/uploads\/2025\/05\/vessels-of-fire-mockup.jpg\" alt=\"Vessels of Fire\" width=\"1200\" height=\"613\" srcset=\"https:\/\/kad-esh.org\/wp-content\/uploads\/2025\/05\/vessels-of-fire-mockup.jpg 1200w, https:\/\/kad-esh.org\/wp-content\/uploads\/2025\/05\/vessels-of-fire-mockup-770x393.jpg 770w, https:\/\/kad-esh.org\/wp-content\/uploads\/2025\/05\/vessels-of-fire-mockup-768x392.jpg 768w, https:\/\/kad-esh.org\/wp-content\/uploads\/2025\/05\/vessels-of-fire-mockup-500x255.jpg 500w, https:\/\/kad-esh.org\/wp-content\/uploads\/2025\/05\/vessels-of-fire-mockup-600x307.jpg 600w, https:\/\/kad-esh.org\/wp-content\/uploads\/2025\/05\/vessels-of-fire-mockup-100x51.jpg 100w, https:\/\/kad-esh.org\/wp-content\/uploads\/2025\/05\/vessels-of-fire-mockup-862x440.jpg 862w\" sizes=\"auto, (max-width: 1200px) 100vw, 1200px\" \/><\/p>\n<p>L\u00e4s de fantastiska vittnesb\u00f6rden fr\u00e5n v\u00e5ra inl\u00e5sta studenter i<br \/>\n<strong>Vessels of Fire &#8211; Testimonies from Behind Bars<\/strong><\/p>\n<p><a class=\"button\" href=\"https:\/\/www.zionsgospel.com\/shop\/vessels-of-fire\/\" target=\"_blank\" rel=\"noopener\"><strong>MAP:s f\u00e4ngelseverksamhet \u2192<\/strong><\/a><\/p>\n<h4><strong>V\u00e5ran tj\u00e4nst &amp; resurser <\/strong><\/h4>\n<p><a class=\"button\" href=\"https:\/\/linktr.ee\/archbishop_dominiquae\" target=\"_blank\" rel=\"noopener\">Bes\u00f6k \u2192<\/a><\/p>\n<p><strong>F\u00f6r att bjuda in de judiska apostlarna att predika och betj\u00e4na i din stad i ditt land,<\/strong> skicka E-post till oss p\u00e5 <a href=\"mailto:info@kad-esh.org\">info@kad-esh.org<\/a><\/p>\n<h4><strong>G\u00e5 med i nationernas 70 r\u00e4ttf\u00e4rdiga<\/strong><\/h4>\n<p>Bli en speciell partner till F\u00f6renta Nationerna f\u00f6r Israel genom att f\u00f6rbinda dig till en m\u00e5natlig k\u00e4rleksg\u00e5va p\u00e5 100 USD eller mer. S\u00e5som en av de 70 r\u00e4ttf\u00e4rdiga kommer du att f\u00e5 tillg\u00e5ng till exklusiva onlinem\u00f6ten med \u00c4rkebiskop Dominiquae Bierman.<\/p>\n<p><a class=\"button\" href=\"https:\/\/unitednationsforisrael.org\/unify-donations\/join-the-righteous-of-the-nations\/\" target=\"_blank\" rel=\"noopener\">G\u00e5 med nu \u2192<\/a><\/p>\n<\/div><\/li><\/ul>\n","protected":false},"excerpt":{"rendered":"<p>Torahl\u00e4sning NITZAVIM-VAYEILECH \u2013 Devarim (Femte Moseboken) 29:9\u201331:30 Haftara: Jesaja 61:10\u201363:9 Jag tackar dig f\u00f6r att jag \u00e4r s\u00e5 underbart skapad. Underbara \u00e4r dina verk, min sj\u00e4l vet det s\u00e5 v\u00e4l. Psaltaren 139:14 SFB15 Shabbat shalom, k\u00e4ra v\u00e4nner. Har du n\u00e5nsin &#8230; <\/p>\n<div><a href=\"https:\/\/kad-esh.org\/sv\/shabbat-letter-ads\/\" class=\"more-link\">L\u00e4s mer<\/a><\/div>\n","protected":false},"author":14,"featured_media":82476,"comment_status":"closed","ping_status":"closed","sticky":false,"template":"","format":"standard","meta":{"give_campaign_id":0,"_kad_blocks_custom_css":"","_kad_blocks_head_custom_js":"","_kad_blocks_body_custom_js":"","_kad_blocks_footer_custom_js":"","footnotes":""},"categories":[589],"tags":[],"class_list":["post-82482","post","type-post","status-publish","format-standard","has-post-thumbnail","hentry","category-shabbat-letter-swe"],"taxonomy_info":{"category":[{"value":589,"label":"Shabbat Letter SWE"}]},"featured_image_src_large":["https:\/\/kad-esh.org\/wp-content\/uploads\/2026\/09\/holy-self-esteem-1-1200x800.jpg",742,495,true],"author_info":{"display_name":"WB","author_link":"https:\/\/kad-esh.org\/sv\/author\/wb\/"},"comment_info":0,"category_info":[{"term_id":589,"name":"Shabbat Letter SWE","slug":"shabbat-letter-swe","term_group":0,"term_taxonomy_id":589,"taxonomy":"category","description":"","parent":0,"count":71,"filter":"raw","cat_ID":589,"category_count":71,"category_description":"","cat_name":"Shabbat Letter SWE","category_nicename":"shabbat-letter-swe","category_parent":0}],"tag_info":false,"_links":{"self":[{"href":"https:\/\/kad-esh.org\/sv\/wp-json\/wp\/v2\/posts\/82482","targetHints":{"allow":["GET"]}}],"collection":[{"href":"https:\/\/kad-esh.org\/sv\/wp-json\/wp\/v2\/posts"}],"about":[{"href":"https:\/\/kad-esh.org\/sv\/wp-json\/wp\/v2\/types\/post"}],"author":[{"embeddable":true,"href":"https:\/\/kad-esh.org\/sv\/wp-json\/wp\/v2\/users\/14"}],"replies":[{"embeddable":true,"href":"https:\/\/kad-esh.org\/sv\/wp-json\/wp\/v2\/comments?post=82482"}],"version-history":[{"count":2,"href":"https:\/\/kad-esh.org\/sv\/wp-json\/wp\/v2\/posts\/82482\/revisions"}],"predecessor-version":[{"id":82485,"href":"https:\/\/kad-esh.org\/sv\/wp-json\/wp\/v2\/posts\/82482\/revisions\/82485"}],"wp:featuredmedia":[{"embeddable":true,"href":"https:\/\/kad-esh.org\/sv\/wp-json\/wp\/v2\/media\/82476"}],"wp:attachment":[{"href":"https:\/\/kad-esh.org\/sv\/wp-json\/wp\/v2\/media?parent=82482"}],"wp:term":[{"taxonomy":"category","embeddable":true,"href":"https:\/\/kad-esh.org\/sv\/wp-json\/wp\/v2\/categories?post=82482"},{"taxonomy":"post_tag","embeddable":true,"href":"https:\/\/kad-esh.org\/sv\/wp-json\/wp\/v2\/tags?post=82482"}],"curies":[{"name":"wp","href":"https:\/\/api.w.org\/{rel}","templated":true}]}}